{"id":672,"date":"2020-08-04T23:11:16","date_gmt":"2020-08-04T23:11:16","guid":{"rendered":"http:\/\/lexizille.ruhrbazille.de\/?p=672"},"modified":"2021-05-13T20:16:19","modified_gmt":"2021-05-13T20:16:19","slug":"imperativ-und-personalpronomen","status":"publish","type":"post","link":"http:\/\/lexizille.ruhrbazille.de\/?p=672","title":{"rendered":"Imperativ und die Personalpronomen"},"content":{"rendered":"<p><span style=\"font-size: 20px; font-family: book antiqua, palatino, serif;\"><strong><i class=\"fa fa-hand-o-right \" style=\"color: #000000;\"><\/i> Grammatik: Informeller, formeller Imperativ<br \/>\n<\/strong><\/span><\/p>\n<p>Im Hochdeutschen wird beim <a href=\"https:\/\/mein-deutschbuch.de\/imperativ.html\">informellen Imperativ<\/a> das<span id=\"wiki-tooltip-1\" data-tooltip-content=\"#wiki-tooltip-box-1\" data-wiki_num=\"1\" data-wiki_id=\"228366\" data-wiki_title=\"Personalpronomen\" data-wiki_section=\"\" data-wiki_base_url=\"https:\/\/de.wikipedia.org\/w\/api.php\" data-wiki_url=\"https:\/\/de.wikipedia.org\/wiki\/Personalpronomen\" data-wiki_thumbnail=\"default\"><a class=\"wiki-tooltip\" href=\"https:\/\/de.wikipedia.org\/wiki\/Personalpronomen\" target=\"_blank\" rel=\"noopener noreferrer\" onclick=\"return isClickEnabled( 'hover', 'none' );\">Personalpronomen<\/a><\/span> immer weggelassen.<em> Mach (<strong><span class=\"red\"><s>st du<\/s><\/span><\/strong>) das bitte langsam. Macht (<strong><span class=\"red\"><s>ihr<\/s><\/span><\/strong>) mal schneller!<\/em> Das Personalpronomen bleibt beim formellen Imperativ dagegen erhalten. <em>Machen Sie das bitte ganz langsam.<\/em><\/p>\n<p>Im Ruhrdeutsch m\u00fcssen wir das differenzierter betrachten. Wenn es richtig ernst wird, dann wird auch im Ruhrdeutschen die korrekte Grammatik benutzt. Dadurch wird auch noch mal die Ernsthaftigkeit unterstrichen!<\/p>\n<p style=\"padding-left: 40px;\"><em><span style=\"text-decoration: underline;\">Informeller Imperativ:<\/span> Mach (<strong><span class=\"red\"><s>st du<\/s><\/span><\/strong>) dat bitte langsam o. Mach langsam; Macht (<strong><span class=\"red\"><s>ihr<\/s><\/span><\/strong>) mal schnella(er) !<\/em> o. Macht schnell<a href=\"http:\/\/lexizille.ruhrbazille.de\/?p=576\">a(er)<\/a><\/p>\n<p style=\"padding-left: 40px;\"><em><span style=\"text-decoration: underline;\">Formeller Imperativ:<\/span> Machen Se dat bitte langsama(er) o. Machen Se langsama(er)<\/em><\/p>\n<p>&nbsp;<\/p>\n<p>In lockerer\u00a0 und direkter Kommunikationsumgebung nehmen die Ruhris das allerdings nicht so ernst. Da wird beim informellen Imperativ auf korrekte Hochdeutschgrammatik geschissen und im Redefluss nicht unbedingt die Personalpronomen weggelassen.<\/p>\n<p style=\"padding-left: 40px;\"><em><span style=\"text-decoration: underline;\">Informeller Imperativ:<\/span> Machze (Machst du) dat mal\u00a0 langsam o. Machze langsam; <\/em><strong>Forscher:<\/strong><em> Ey Keule Machze dat mal\u00a0 langsam. Odda willze dat ich Prickel krich odda wat is hier los!\u00a0 Machta (macht ihr) mal schnella!<\/em> o. Machta schnella. <strong>Forscher:<\/strong><em> Ey Ihr Flitzpiepen Machta dat mal langsam. Odda wollta dat ich wat auch imma(er) krich &#8230;.<br \/>\n<\/em><\/p>\n<p>&nbsp;<\/p>\n<p><i class=\"fa fa-arrow-down \"><\/i> Mehr Pottgrammatik? Tut hier mal glotzen! <i class=\"fa fa-arrow-down \" style=\"color: #000000;\"><\/i><\/p>\n\n\n<div class=\"su-posts su-posts-default-loop \">\n\n\t\n\t\t\t\t\t\n\t\t\t\n\t\t\t<div id=\"su-post-1269\" class=\"su-post \">\n\n\t\t\t\t\t\t\t\t\t<a class=\"su-post-thumbnail\" href=\"http:\/\/lexizille.ruhrbazille.de\/?p=1269\"><img width=\"431\" height=\"151\" src=\"http:\/\/lexizille.ruhrbazille.de\/wp-content\/uploads\/2020\/08\/Ich-sach-dat-mal-so.jpg\" class=\"attachment-post-thumbnail size-post-thumbnail wp-post-image\" alt=\"\" decoding=\"async\" loading=\"lazy\" srcset=\"http:\/\/lexizille.ruhrbazille.de\/wp-content\/uploads\/2020\/08\/Ich-sach-dat-mal-so.jpg 431w, http:\/\/lexizille.ruhrbazille.de\/wp-content\/uploads\/2020\/08\/Ich-sach-dat-mal-so-300x105.jpg 300w\" sizes=\"(max-width: 431px) 100vw, 431px\" \/><\/a>\n\t\t\t\t\n\t\t\t\t<h2 class=\"su-post-title\"><a href=\"http:\/\/lexizille.ruhrbazille.de\/?p=1269\">&#8230;ich am Wortende<\/a><\/h2>\n\n\t\t\t\t<div class=\"su-post-meta\">\n\t\t\t\t\tVer\u00f6ffentlicht: 30. Januar 2022\t\t\t\t<\/div>\n\n\t\t\t\t<div class=\"su-post-excerpt\">\n\t\t\t\t\t<div class=\"mh-excerpt\"><p>Grammatik: Substantive, Adjektive mit ich am Wortende 1. An einem hochdeutschen Wortende mit &#8222;ig&#8220; oder &#8222;ieg&#8220;wird durch ein &#8222;ich &#8222; oder &#8222;iech&#8220; ersetzt Kommentar: Nun <a class=\"mh-excerpt-more\" href=\"http:\/\/lexizille.ruhrbazille.de\/?p=1269\" title=\"&#8230;ich am Wortende\">[&#8230;]<\/a><\/p>\n<\/div>\t\t\t\t<\/div>\n\n\t\t\t\t\n\t\t\t<\/div>\n\n\t\t\t\t\t\n\t\t\t\n\t\t\t<div id=\"su-post-1022\" class=\"su-post \">\n\n\t\t\t\t\t\t\t\t\t<a class=\"su-post-thumbnail\" href=\"http:\/\/lexizille.ruhrbazille.de\/?p=1022\"><img width=\"859\" height=\"25\" src=\"http:\/\/lexizille.ruhrbazille.de\/wp-content\/uploads\/2020\/02\/Lexizille-f\u00fcr-EPS-e1582680397964.jpg\" class=\"attachment-post-thumbnail size-post-thumbnail wp-post-image\" alt=\"\" decoding=\"async\" loading=\"lazy\" srcset=\"http:\/\/lexizille.ruhrbazille.de\/wp-content\/uploads\/2020\/02\/Lexizille-f\u00fcr-EPS-e1582680397964.jpg 859w, http:\/\/lexizille.ruhrbazille.de\/wp-content\/uploads\/2020\/02\/Lexizille-f\u00fcr-EPS-e1582680397964-300x9.jpg 300w, http:\/\/lexizille.ruhrbazille.de\/wp-content\/uploads\/2020\/02\/Lexizille-f\u00fcr-EPS-e1582680397964-768x22.jpg 768w\" sizes=\"(max-width: 859px) 100vw, 859px\" \/><\/a>\n\t\t\t\t\n\t\t\t\t<h2 class=\"su-post-title\"><a href=\"http:\/\/lexizille.ruhrbazille.de\/?p=1022\">vorangestellte Verh\u00e4ltnisw\u00f6rter mit einem Artikel als EINWORT<\/a><\/h2>\n\n\t\t\t\t<div class=\"su-post-meta\">\n\t\t\t\t\tVer\u00f6ffentlicht: 10. Januar 2021\t\t\t\t<\/div>\n\n\t\t\t\t<div class=\"su-post-excerpt\">\n\t\t\t\t\t<div class=\"mh-excerpt\"><p>Grammatik: Pr\u00e4position und Artikel Einige vorangestellte Verh\u00e4ltnisw\u00f6rter (Pr\u00e4position) mit einem nachfolgenden Artikel fassen viele Ruhris, meistens dann wenn sie schnell sprechen bzw. es eilig haben, <a class=\"mh-excerpt-more\" href=\"http:\/\/lexizille.ruhrbazille.de\/?p=1022\" title=\"vorangestellte Verh\u00e4ltnisw\u00f6rter mit einem Artikel als EINWORT\">[&#8230;]<\/a><\/p>\n<\/div>\t\t\t\t<\/div>\n\n\t\t\t\t\t\t\t\t\t<a href=\"http:\/\/lexizille.ruhrbazille.de\/?p=1022#respond\" class=\"su-post-comments-link\">0 Kommentare<\/a>\n\t\t\t\t\n\t\t\t<\/div>\n\n\t\t\t\t\t\n\t\t\t\n\t\t\t<div id=\"su-post-914\" class=\"su-post \">\n\n\t\t\t\t\t\t\t\t\t<a class=\"su-post-thumbnail\" href=\"http:\/\/lexizille.ruhrbazille.de\/?p=914\"><img width=\"859\" height=\"25\" src=\"http:\/\/lexizille.ruhrbazille.de\/wp-content\/uploads\/2020\/02\/Lexizille-f\u00fcr-EPS-e1582680397964.jpg\" class=\"attachment-post-thumbnail size-post-thumbnail wp-post-image\" alt=\"\" decoding=\"async\" loading=\"lazy\" srcset=\"http:\/\/lexizille.ruhrbazille.de\/wp-content\/uploads\/2020\/02\/Lexizille-f\u00fcr-EPS-e1582680397964.jpg 859w, http:\/\/lexizille.ruhrbazille.de\/wp-content\/uploads\/2020\/02\/Lexizille-f\u00fcr-EPS-e1582680397964-300x9.jpg 300w, http:\/\/lexizille.ruhrbazille.de\/wp-content\/uploads\/2020\/02\/Lexizille-f\u00fcr-EPS-e1582680397964-768x22.jpg 768w\" sizes=\"(max-width: 859px) 100vw, 859px\" \/><\/a>\n\t\t\t\t\n\t\t\t\t<h2 class=\"su-post-title\"><a href=\"http:\/\/lexizille.ruhrbazille.de\/?p=914\">Verben : &#8222;an&#8220; statt &#8222;er(n)&#8220;<\/a><\/h2>\n\n\t\t\t\t<div class=\"su-post-meta\">\n\t\t\t\t\tVer\u00f6ffentlicht: 1. Dezember 2020\t\t\t\t<\/div>\n\n\t\t\t\t<div class=\"su-post-excerpt\">\n\t\t\t\t\t<div class=\"mh-excerpt\"><p>Grammatik: <a href=\"http:\/\/lexizille.ruhrbazille.de\/?s=Verben\" data-internallinksmanager029f6b8e52c=\"1\" title=\"Alle Beitr\u00e4ge zum Thema Verben anzeigen\">Verben<\/a> (Tuw\u00f6rter) mit &#8222;er(n)&#8220; durch &#8222;an&#8220; ersetzt 1. An einem hochdeutschen oder ruhrdeutschen Wortende mit &#8222;<a href=\"http:\/\/lexizille.ruhrbazille.de\/?p=914\" data-internallinksmanager029f6b8e52c=\"2\" title=\"an statt ern\">ern<\/a>&#8220; wird manchmal\u00a0 das &#8222;er&#8220; durch ein &#8222;an&#8222; ersetzt. <a class=\"mh-excerpt-more\" href=\"http:\/\/lexizille.ruhrbazille.de\/?p=914\" title=\"Verben : &#8222;an&#8220; statt &#8222;er(n)&#8220;\">[&#8230;]<\/a><\/p>\n<\/div>\t\t\t\t<\/div>\n\n\t\t\t\t\t\t\t\t\t<a href=\"http:\/\/lexizille.ruhrbazille.de\/?p=914#comments\" class=\"su-post-comments-link\">Ein Kommentar<\/a>\n\t\t\t\t\n\t\t\t<\/div>\n\n\t\t\t\t\t\n\t\t\t\n\t\t\t<div id=\"su-post-860\" class=\"su-post \">\n\n\t\t\t\t\t\t\t\t\t<a class=\"su-post-thumbnail\" href=\"http:\/\/lexizille.ruhrbazille.de\/?p=860\"><img width=\"859\" height=\"25\" src=\"http:\/\/lexizille.ruhrbazille.de\/wp-content\/uploads\/2020\/02\/Lexizille-f\u00fcr-EPS-e1582680397964.jpg\" class=\"attachment-post-thumbnail size-post-thumbnail wp-post-image\" alt=\"\" decoding=\"async\" loading=\"lazy\" srcset=\"http:\/\/lexizille.ruhrbazille.de\/wp-content\/uploads\/2020\/02\/Lexizille-f\u00fcr-EPS-e1582680397964.jpg 859w, http:\/\/lexizille.ruhrbazille.de\/wp-content\/uploads\/2020\/02\/Lexizille-f\u00fcr-EPS-e1582680397964-300x9.jpg 300w, http:\/\/lexizille.ruhrbazille.de\/wp-content\/uploads\/2020\/02\/Lexizille-f\u00fcr-EPS-e1582680397964-768x22.jpg 768w\" sizes=\"(max-width: 859px) 100vw, 859px\" \/><\/a>\n\t\t\t\t\n\t\t\t\t<h2 class=\"su-post-title\"><a href=\"http:\/\/lexizille.ruhrbazille.de\/?p=860\">machen<\/a><\/h2>\n\n\t\t\t\t<div class=\"su-post-meta\">\n\t\t\t\t\tVer\u00f6ffentlicht: 13. November 2020\t\t\t\t<\/div>\n\n\t\t\t\t<div class=\"su-post-excerpt\">\n\t\t\t\t\t<div class=\"mh-excerpt\"><p>machen &#8211; Verb\u00a0 &#8211;\u00a0 Eintrag Wiktionary machen ohne Personalpronomen Ruhrdeutsch (RD): machen machen mit Personalpronomen werden oft zusammengefasst. Beispiele: Machet (HD) Mach es bitte;\u00a0 Machta <a class=\"mh-excerpt-more\" href=\"http:\/\/lexizille.ruhrbazille.de\/?p=860\" title=\"machen\">[&#8230;]<\/a><\/p>\n<\/div>\t\t\t\t<\/div>\n\n\t\t\t\t\t\t\t\t\t<a href=\"http:\/\/lexizille.ruhrbazille.de\/?p=860#respond\" class=\"su-post-comments-link\">0 Kommentare<\/a>\n\t\t\t\t\n\t\t\t<\/div>\n\n\t\t\t\t\t\n\t\t\t\n\t\t\t<div id=\"su-post-748\" class=\"su-post \">\n\n\t\t\t\t\t\t\t\t\t<a class=\"su-post-thumbnail\" href=\"http:\/\/lexizille.ruhrbazille.de\/?p=748\"><img width=\"859\" height=\"25\" src=\"http:\/\/lexizille.ruhrbazille.de\/wp-content\/uploads\/2020\/02\/Lexizille-f\u00fcr-EPS-e1582680397964.jpg\" class=\"attachment-post-thumbnail size-post-thumbnail wp-post-image\" alt=\"\" decoding=\"async\" loading=\"lazy\" srcset=\"http:\/\/lexizille.ruhrbazille.de\/wp-content\/uploads\/2020\/02\/Lexizille-f\u00fcr-EPS-e1582680397964.jpg 859w, http:\/\/lexizille.ruhrbazille.de\/wp-content\/uploads\/2020\/02\/Lexizille-f\u00fcr-EPS-e1582680397964-300x9.jpg 300w, http:\/\/lexizille.ruhrbazille.de\/wp-content\/uploads\/2020\/02\/Lexizille-f\u00fcr-EPS-e1582680397964-768x22.jpg 768w\" sizes=\"(max-width: 859px) 100vw, 859px\" \/><\/a>\n\t\t\t\t\n\t\t\t\t<h2 class=\"su-post-title\"><a href=\"http:\/\/lexizille.ruhrbazille.de\/?p=748\">ich, du, sie und die Verben<\/a><\/h2>\n\n\t\t\t\t<div class=\"su-post-meta\">\n\t\t\t\t\tVer\u00f6ffentlicht: 16. September 2020\t\t\t\t<\/div>\n\n\t\t\t\t<div class=\"su-post-excerpt\">\n\t\t\t\t\t<div class=\"mh-excerpt\"><p>&nbsp; Verben (T\u00e4tigkeitsw\u00f6rter) und Personalpronomen Viele Verben mit anschlie\u00dfendem Personalpronomen werden, je nach Lust und Laune, als Einwort zusammengefasst, damit die\u00a0 Ruhris Zeit sparen, um <a class=\"mh-excerpt-more\" href=\"http:\/\/lexizille.ruhrbazille.de\/?p=748\" title=\"ich, du, sie und die Verben\">[&#8230;]<\/a><\/p>\n<\/div>\t\t\t\t<\/div>\n\n\t\t\t\t\t\t\t\t\t<a href=\"http:\/\/lexizille.ruhrbazille.de\/?p=748#respond\" class=\"su-post-comments-link\">0 Kommentare<\/a>\n\t\t\t\t\n\t\t\t<\/div>\n\n\t\t\t\t\t\n\t\t\t\n\t\t\t<div id=\"su-post-672\" class=\"su-post \">\n\n\t\t\t\t\t\t\t\t\t<a class=\"su-post-thumbnail\" href=\"http:\/\/lexizille.ruhrbazille.de\/?p=672\"><img width=\"431\" height=\"151\" src=\"http:\/\/lexizille.ruhrbazille.de\/wp-content\/uploads\/2020\/08\/Ich-sach-dat-mal-so.jpg\" class=\"attachment-post-thumbnail size-post-thumbnail wp-post-image\" alt=\"\" decoding=\"async\" loading=\"lazy\" srcset=\"http:\/\/lexizille.ruhrbazille.de\/wp-content\/uploads\/2020\/08\/Ich-sach-dat-mal-so.jpg 431w, http:\/\/lexizille.ruhrbazille.de\/wp-content\/uploads\/2020\/08\/Ich-sach-dat-mal-so-300x105.jpg 300w\" sizes=\"(max-width: 431px) 100vw, 431px\" \/><\/a>\n\t\t\t\t\n\t\t\t\t<h2 class=\"su-post-title\"><a href=\"http:\/\/lexizille.ruhrbazille.de\/?p=672\">Imperativ und die Personalpronomen<\/a><\/h2>\n\n\t\t\t\t<div class=\"su-post-meta\">\n\t\t\t\t\tVer\u00f6ffentlicht: 4. August 2020\t\t\t\t<\/div>\n\n\t\t\t\t<div class=\"su-post-excerpt\">\n\t\t\t\t\t<div class=\"mh-excerpt\"><p>Grammatik: Informeller, formeller Imperativ Im Hochdeutschen wird beim informellen Imperativ das immer weggelassen. Mach (st du) das bitte langsam. Macht (ihr) mal schneller! Das Personalpronomen <a class=\"mh-excerpt-more\" href=\"http:\/\/lexizille.ruhrbazille.de\/?p=672\" title=\"Imperativ und die Personalpronomen\">[&#8230;]<\/a><\/p>\n<\/div>\t\t\t\t<\/div>\n\n\t\t\t\t\n\t\t\t<\/div>\n\n\t\t\t\t\t\n\t\t\t\n\t\t\t<div id=\"su-post-991\" class=\"su-post \">\n\n\t\t\t\t\t\t\t\t\t<a class=\"su-post-thumbnail\" href=\"http:\/\/lexizille.ruhrbazille.de\/?p=991\"><img width=\"721\" height=\"206\" src=\"http:\/\/lexizille.ruhrbazille.de\/wp-content\/uploads\/2020\/02\/ich-sach-dich-dat-FAV.jpg\" class=\"attachment-post-thumbnail size-post-thumbnail wp-post-image\" alt=\"\" decoding=\"async\" loading=\"lazy\" srcset=\"http:\/\/lexizille.ruhrbazille.de\/wp-content\/uploads\/2020\/02\/ich-sach-dich-dat-FAV.jpg 721w, http:\/\/lexizille.ruhrbazille.de\/wp-content\/uploads\/2020\/02\/ich-sach-dich-dat-FAV-300x86.jpg 300w\" sizes=\"(max-width: 721px) 100vw, 721px\" \/><\/a>\n\t\t\t\t\n\t\t\t\t<h2 class=\"su-post-title\"><a href=\"http:\/\/lexizille.ruhrbazille.de\/?p=991\">Wiew\u00f6rtas (Adjektive) mit &#8222;a&#8220; am Wortende<\/a><\/h2>\n\n\t\t\t\t<div class=\"su-post-meta\">\n\t\t\t\t\tVer\u00f6ffentlicht: 22. Juni 2020\t\t\t\t<\/div>\n\n\t\t\t\t<div class=\"su-post-excerpt\">\n\t\t\t\t\t<div class=\"mh-excerpt\"><p>Grammatik: Wiew\u00f6rter (Adjektiv) mit &#8222;a&#8220; statt mit &#8222;er&#8220; Wie bei Hauptw\u00f6rtern, werden auch bei Adjektiven, insbesondere in maskulinen mit unbestimmten Artikeln oder ohne Artikeln, das <a class=\"mh-excerpt-more\" href=\"http:\/\/lexizille.ruhrbazille.de\/?p=991\" title=\"Wiew\u00f6rtas (Adjektive) mit &#8222;a&#8220; am Wortende\">[&#8230;]<\/a><\/p>\n<\/div>\t\t\t\t<\/div>\n\n\t\t\t\t\t\t\t\t\t<a href=\"http:\/\/lexizille.ruhrbazille.de\/?p=991#comments\" class=\"su-post-comments-link\">Ein Kommentar<\/a>\n\t\t\t\t\n\t\t\t<\/div>\n\n\t\t\t\t\t\n\t\t\t\n\t\t\t<div id=\"su-post-576\" class=\"su-post \">\n\n\t\t\t\t\t\t\t\t\t<a class=\"su-post-thumbnail\" href=\"http:\/\/lexizille.ruhrbazille.de\/?p=576\"><img width=\"431\" height=\"151\" src=\"http:\/\/lexizille.ruhrbazille.de\/wp-content\/uploads\/2020\/08\/Ich-sach-dat-mal-so.jpg\" class=\"attachment-post-thumbnail size-post-thumbnail wp-post-image\" alt=\"\" decoding=\"async\" loading=\"lazy\" srcset=\"http:\/\/lexizille.ruhrbazille.de\/wp-content\/uploads\/2020\/08\/Ich-sach-dat-mal-so.jpg 431w, http:\/\/lexizille.ruhrbazille.de\/wp-content\/uploads\/2020\/08\/Ich-sach-dat-mal-so-300x105.jpg 300w\" sizes=\"(max-width: 431px) 100vw, 431px\" \/><\/a>\n\t\t\t\t\n\t\t\t\t<h2 class=\"su-post-title\"><a href=\"http:\/\/lexizille.ruhrbazille.de\/?p=576\">Hauptw\u00f6rter mit &#8222;er&#8220; durch &#8222;a&#8220; ersetzt<\/a><\/h2>\n\n\t\t\t\t<div class=\"su-post-meta\">\n\t\t\t\t\tVer\u00f6ffentlicht: 29. M\u00e4rz 2020\t\t\t\t<\/div>\n\n\t\t\t\t<div class=\"su-post-excerpt\">\n\t\t\t\t\t<div class=\"mh-excerpt\"><p>&nbsp; Grammatik: Hauptwort (Substantiv) mit &#8222;er&#8220;&#8230;. 1. An einem hochdeutschen Wortende mit &#8222;er&#8220; wird durch ein &#8222;a &#8222; ersetzt &#8211; Mehrzahl (Plural &#8211; Pl.) &#8230;durch <a class=\"mh-excerpt-more\" href=\"http:\/\/lexizille.ruhrbazille.de\/?p=576\" title=\"Hauptw\u00f6rter mit &#8222;er&#8220; durch &#8222;a&#8220; ersetzt\">[&#8230;]<\/a><\/p>\n<\/div>\t\t\t\t<\/div>\n\n\t\t\t\t\t\t\t\t\t<a href=\"http:\/\/lexizille.ruhrbazille.de\/?p=576#comments\" class=\"su-post-comments-link\">4 comments<\/a>\n\t\t\t\t\n\t\t\t<\/div>\n\n\t\t\t\t\t\n\t\t\t\n\t\t\t<div id=\"su-post-568\" class=\"su-post \">\n\n\t\t\t\t\t\t\t\t\t<a class=\"su-post-thumbnail\" href=\"http:\/\/lexizille.ruhrbazille.de\/?p=568\"><img width=\"431\" height=\"151\" src=\"http:\/\/lexizille.ruhrbazille.de\/wp-content\/uploads\/2020\/08\/K\u00f6nnen-wa.jpg\" class=\"attachment-post-thumbnail size-post-thumbnail wp-post-image\" alt=\"\" decoding=\"async\" loading=\"lazy\" srcset=\"http:\/\/lexizille.ruhrbazille.de\/wp-content\/uploads\/2020\/08\/K\u00f6nnen-wa.jpg 431w, http:\/\/lexizille.ruhrbazille.de\/wp-content\/uploads\/2020\/08\/K\u00f6nnen-wa-300x105.jpg 300w\" sizes=\"(max-width: 431px) 100vw, 431px\" \/><\/a>\n\t\t\t\t\n\t\t\t\t<h2 class=\"su-post-title\"><a href=\"http:\/\/lexizille.ruhrbazille.de\/?p=568\">Das weggelassene &#8222;en&#8220; am Wortende<\/a><\/h2>\n\n\t\t\t\t<div class=\"su-post-meta\">\n\t\t\t\t\tVer\u00f6ffentlicht: 15. M\u00e4rz 2020\t\t\t\t<\/div>\n\n\t\t\t\t<div class=\"su-post-excerpt\">\n\t\t\t\t\t<div class=\"mh-excerpt\"><p>Grammatik: Verben mit weggelassenen &#8222;en&#8220; &#8211; 1. Bei einige Verben mit &#8222;en&#8220; Endungen wird das &#8222;en&#8220; einfach weggelassen<\/p>\n<\/div>\t\t\t\t<\/div>\n\n\t\t\t\t\t\t\t\t\t<a href=\"http:\/\/lexizille.ruhrbazille.de\/?p=568#respond\" class=\"su-post-comments-link\">0 Kommentare<\/a>\n\t\t\t\t\n\t\t\t<\/div>\n\n\t\t\t\t\t\n\t\t\t\n\t\t\t<div id=\"su-post-455\" class=\"su-post \">\n\n\t\t\t\t\t\t\t\t\t<a class=\"su-post-thumbnail\" href=\"http:\/\/lexizille.ruhrbazille.de\/?p=455\"><img width=\"431\" height=\"151\" src=\"http:\/\/lexizille.ruhrbazille.de\/wp-content\/uploads\/2020\/08\/s-w-auf-dE.jpg\" class=\"attachment-post-thumbnail size-post-thumbnail wp-post-image\" alt=\"\" decoding=\"async\" loading=\"lazy\" srcset=\"http:\/\/lexizille.ruhrbazille.de\/wp-content\/uploads\/2020\/08\/s-w-auf-dE.jpg 431w, http:\/\/lexizille.ruhrbazille.de\/wp-content\/uploads\/2020\/08\/s-w-auf-dE-300x105.jpg 300w\" sizes=\"(max-width: 431px) 100vw, 431px\" \/><\/a>\n\t\t\t\t\n\t\t\t\t<h2 class=\"su-post-title\"><a href=\"http:\/\/lexizille.ruhrbazille.de\/?p=455\">Das verschluckte &#8222;e&#8220; und mit &#8222;a&#8220; ersetzte &#8222;er&#8220;<\/a><\/h2>\n\n\t\t\t\t<div class=\"su-post-meta\">\n\t\t\t\t\tVer\u00f6ffentlicht: 8. M\u00e4rz 2020\t\t\t\t<\/div>\n\n\t\t\t\t<div class=\"su-post-excerpt\">\n\t\t\t\t\t<div class=\"mh-excerpt\"><p>Grammatik:\u00a0 en = n \/ &#8222;ern&#8220; =an Verben 1. Bei einige Verben mit &#8222;en&#8220; Endungen wird das &#8222;e&#8220; verschluckt. Beispiele verschluckte &#8222;e&#8220; \u00b4s 2. Bei <a class=\"mh-excerpt-more\" href=\"http:\/\/lexizille.ruhrbazille.de\/?p=455\" title=\"Das verschluckte &#8222;e&#8220; und mit &#8222;a&#8220; ersetzte &#8222;er&#8220;\">[&#8230;]<\/a><\/p>\n<\/div>\t\t\t\t<\/div>\n\n\t\t\t\t\t\t\t\t\t<a href=\"http:\/\/lexizille.ruhrbazille.de\/?p=455#comments\" class=\"su-post-comments-link\">6 comments<\/a>\n\t\t\t\t\n\t\t\t<\/div>\n\n\t\t\n\t\n<\/div>\n\n<div class=\"su-divider su-divider-style-default\" style=\"margin:15px 0;border-width:3px;border-color:#999999\"><a href=\"#\" style=\"color:#999999\">Nach oben<\/a><\/div>\n","protected":false},"excerpt":{"rendered":"<div class=\"mh-excerpt\"><p>Grammatik: Informeller, formeller Imperativ Im Hochdeutschen wird beim informellen Imperativ das immer weggelassen. Mach (st du) das bitte langsam. Macht (ihr) mal schneller! Das Personalpronomen <a class=\"mh-excerpt-more\" href=\"http:\/\/lexizille.ruhrbazille.de\/?p=455\" title=\"Das verschluckte &#8222;e&#8220; und mit &#8222;a&#8220; ersetzte &#8222;er&#8220;\">[&#8230;]<\/a><\/p>\n<\/div>","protected":false},"author":2,"featured_media":701,"comment_status":"closed","ping_status":"open","sticky":false,"template":"","format":"standard","meta":[],"categories":[1,39,4],"tags":[45],"_links":{"self":[{"href":"http:\/\/lexizille.ruhrbazille.de\/index.php?rest_route=\/wp\/v2\/posts\/672"}],"collection":[{"href":"http:\/\/lexizille.ruhrbazille.de\/index.php?rest_route=\/wp\/v2\/posts"}],"about":[{"href":"http:\/\/lexizille.ruhrbazille.de\/index.php?rest_route=\/wp\/v2\/types\/post"}],"author":[{"embeddable":true,"href":"http:\/\/lexizille.ruhrbazille.de\/index.php?rest_route=\/wp\/v2\/users\/2"}],"replies":[{"embeddable":true,"href":"http:\/\/lexizille.ruhrbazille.de\/index.php?rest_route=%2Fwp%2Fv2%2Fcomments&post=672"}],"version-history":[{"count":10,"href":"http:\/\/lexizille.ruhrbazille.de\/index.php?rest_route=\/wp\/v2\/posts\/672\/revisions"}],"predecessor-version":[{"id":689,"href":"http:\/\/lexizille.ruhrbazille.de\/index.php?rest_route=\/wp\/v2\/posts\/672\/revisions\/689"}],"wp:featuredmedia":[{"embeddable":true,"href":"http:\/\/lexizille.ruhrbazille.de\/index.php?rest_route=\/wp\/v2\/media\/701"}],"wp:attachment":[{"href":"http:\/\/lexizille.ruhrbazille.de\/index.php?rest_route=%2Fwp%2Fv2%2Fmedia&parent=672"}],"wp:term":[{"taxonomy":"category","embeddable":true,"href":"http:\/\/lexizille.ruhrbazille.de\/index.php?rest_route=%2Fwp%2Fv2%2Fcategories&post=672"},{"taxonomy":"post_tag","embeddable":true,"href":"http:\/\/lexizille.ruhrbazille.de\/index.php?rest_route=%2Fwp%2Fv2%2Ftags&post=672"}],"curies":[{"name":"wp","href":"https:\/\/api.w.org\/{rel}","templated":true}]}}