{"id":721,"date":"2020-08-17T14:49:07","date_gmt":"2020-08-17T14:49:07","guid":{"rendered":"http:\/\/lexizille.ruhrbazille.de\/?p=721"},"modified":"2020-08-17T14:49:07","modified_gmt":"2020-08-17T14:49:07","slug":"as-am-wortende-wat-is-dat-den-fuern-deutsch","status":"publish","type":"post","link":"http:\/\/lexizille.ruhrbazille.de\/?p=721","title":{"rendered":"&#8222;as&#8220; am Wortende? Wat is dat den f\u00fcrn Deutsch?"},"content":{"rendered":"<p><span style=\"font-size: 20px;\"><strong>Um die Frage zu beantworten einfach mal folgende beiden Eintr\u00e4ge zu Gem\u00fcte ziehen!<\/strong><\/span><\/p>\n<blockquote class=\"wp-embedded-content\" data-secret=\"ejYpXDqWLM\"><p><a href=\"http:\/\/lexizille.ruhrbazille.de\/?p=576\">Hauptw\u00f6rter mit &#8222;er&#8220; durch &#8222;a&#8220; ersetzt<\/a><\/p><\/blockquote>\n<p><iframe class=\"wp-embedded-content\" sandbox=\"allow-scripts\" security=\"restricted\" style=\"position: absolute; clip: rect(1px, 1px, 1px, 1px);\" title=\"&#8222;Hauptw\u00f6rter mit &#8222;er&#8220; durch &#8222;a&#8220; ersetzt&#8220; &#8212; Die Lexizille\" src=\"http:\/\/lexizille.ruhrbazille.de\/?p=576&#038;embed=true#?secret=ejYpXDqWLM\" data-secret=\"ejYpXDqWLM\" width=\"500\" height=\"282\" frameborder=\"0\" marginwidth=\"0\" marginheight=\"0\" scrolling=\"no\"><\/iframe><\/p>\n<blockquote class=\"wp-embedded-content\" data-secret=\"4qbQOhZWJB\"><p><a href=\"http:\/\/lexizille.ruhrbazille.de\/?p=411\">Mehrzahl &#8211; Das ber\u00fchmte &#8222;s&#8220;<\/a><\/p><\/blockquote>\n<p><iframe class=\"wp-embedded-content\" sandbox=\"allow-scripts\" security=\"restricted\" style=\"position: absolute; clip: rect(1px, 1px, 1px, 1px);\" title=\"&#8222;Mehrzahl &#8211; Das ber\u00fchmte &#8222;s&#8220;&#8220; &#8212; Die Lexizille\" src=\"http:\/\/lexizille.ruhrbazille.de\/?p=411&#038;embed=true#?secret=4qbQOhZWJB\" data-secret=\"4qbQOhZWJB\" width=\"500\" height=\"282\" frameborder=\"0\" marginwidth=\"0\" marginheight=\"0\" scrolling=\"no\"><\/iframe><\/p>\n","protected":false},"excerpt":{"rendered":"<div class=\"mh-excerpt\"><p>Um die Frage zu beantworten einfach mal folgende beiden Eintr\u00e4ge zu Gem\u00fcte ziehen! Hauptw\u00f6rter mit &#8222;er&#8220; durch &#8222;a&#8220; ersetzt Mehrzahl &#8211; Das ber\u00fchmte &#8222;s&#8220;<\/p>\n<\/div>","protected":false},"author":1,"featured_media":329,"comment_status":"open","ping_status":"open","sticky":false,"template":"","format":"standard","meta":[],"categories":[4,23],"tags":[],"_links":{"self":[{"href":"http:\/\/lexizille.ruhrbazille.de\/index.php?rest_route=\/wp\/v2\/posts\/721"}],"collection":[{"href":"http:\/\/lexizille.ruhrbazille.de\/index.php?rest_route=\/wp\/v2\/posts"}],"about":[{"href":"http:\/\/lexizille.ruhrbazille.de\/index.php?rest_route=\/wp\/v2\/types\/post"}],"author":[{"embeddable":true,"href":"http:\/\/lexizille.ruhrbazille.de\/index.php?rest_route=\/wp\/v2\/users\/1"}],"replies":[{"embeddable":true,"href":"http:\/\/lexizille.ruhrbazille.de\/index.php?rest_route=%2Fwp%2Fv2%2Fcomments&post=721"}],"version-history":[{"count":1,"href":"http:\/\/lexizille.ruhrbazille.de\/index.php?rest_route=\/wp\/v2\/posts\/721\/revisions"}],"predecessor-version":[{"id":722,"href":"http:\/\/lexizille.ruhrbazille.de\/index.php?rest_route=\/wp\/v2\/posts\/721\/revisions\/722"}],"wp:featuredmedia":[{"embeddable":true,"href":"http:\/\/lexizille.ruhrbazille.de\/index.php?rest_route=\/wp\/v2\/media\/329"}],"wp:attachment":[{"href":"http:\/\/lexizille.ruhrbazille.de\/index.php?rest_route=%2Fwp%2Fv2%2Fmedia&parent=721"}],"wp:term":[{"taxonomy":"category","embeddable":true,"href":"http:\/\/lexizille.ruhrbazille.de\/index.php?rest_route=%2Fwp%2Fv2%2Fcategories&post=721"},{"taxonomy":"post_tag","embeddable":true,"href":"http:\/\/lexizille.ruhrbazille.de\/index.php?rest_route=%2Fwp%2Fv2%2Ftags&post=721"}],"curies":[{"name":"wp","href":"https:\/\/api.w.org\/{rel}","templated":true}]}}